{"id":280040,"date":"2024-02-05T07:04:00","date_gmt":"2024-02-05T07:04:00","guid":{"rendered":"https:\/\/faceapp.com.mx\/?p=280040"},"modified":"2024-02-05T19:50:47","modified_gmt":"2024-02-05T19:50:47","slug":"7-competencias-laborales-mas-demandadas-por-las-empresas-este-2024","status":"publish","type":"post","link":"https:\/\/faceapp.com.mx\/index.php\/2024\/02\/05\/7-competencias-laborales-mas-demandadas-por-las-empresas-este-2024\/","title":{"rendered":"7 Competencias laborales m\u00e1s demandadas por las empresas este 2024"},"content":{"rendered":"\n<p><em>El mundo laboral est\u00e1 en constante evoluci\u00f3n, y para destacar en este panorama din\u00e1mico, es esencial estar equipado con las competencias adecuadas. <\/em><\/p>\n\n\n\n<p><em>En el 2024, las empresas buscan profesionales que no solo dominen las habilidades tradicionales, sino que tambi\u00e9n est\u00e9n preparados para enfrentar los desaf\u00edos emergentes. <\/em><\/p>\n\n\n\n<p><em>Descubramos juntos las 7 competencias laborales m\u00e1s demandadas que te preparar\u00e1n para el futuro.<\/em><\/p>\n\n\n\n<p><strong>1. Resiliencia Digital: Adapt\u00e1ndose a la Velocidad de la Tecnolog\u00eda<\/strong><\/p>\n\n\n\n<p>En un entorno empresarial impulsado por la innovaci\u00f3n, la resiliencia digital es clave. <\/p>\n\n\n\n<p>La capacidad de adaptarse r\u00e1pidamente a nuevas tecnolog\u00edas y procesos digitales es esencial para mantenerse relevante y eficiente.<\/p>\n\n\n\n<p><strong>2. Inteligencia Emocional: Conectando con tus Colegas y tu Propio \u00c9xito<\/strong><\/p>\n\n\n\n<p>La inteligencia emocional se ha convertido en una competencia esencial. <\/p>\n\n\n\n<p>Aquellos que comprenden y gestionan sus emociones, as\u00ed como las de los dem\u00e1s, son capaces de liderar equipos de manera m\u00e1s efectiva y construir relaciones s\u00f3lidas.<\/p>\n\n\n\n<p><strong>3. Pensamiento Cr\u00edtico: Tomando Decisiones Informadas en un Mundo Complejo<\/strong><\/p>\n\n\n\n<p>El pensamiento cr\u00edtico sigue siendo una competencia fundamental. <\/p>\n\n\n\n<p>La habilidad de analizar informaci\u00f3n de manera efectiva y tomar decisiones informadas es invaluable en un mundo empresarial cada vez m\u00e1s complejo.<\/p>\n\n\n\n<p><strong>4. Trabajo en Equipo Remoto: Colaboraci\u00f3n M\u00e1s All\u00e1 de las Fronteras F\u00edsicas<\/strong><\/p>\n\n\n\n<p>Con la creciente adopci\u00f3n del trabajo remoto, las habilidades para colaborar eficientemente en entornos virtuales son esenciales. <\/p>\n\n\n\n<p>El trabajo en equipo remoto implica una comunicaci\u00f3n clara, coordinaci\u00f3n efectiva y confianza en la colaboraci\u00f3n a distancia.<\/p>\n\n\n\n<p><strong>5. Creatividad: Innovaci\u00f3n como Motor de Cambio<\/strong><\/p>\n\n\n\n<p>La creatividad es el catalizador de la innovaci\u00f3n. <\/p>\n\n\n\n<p>Aquellos capaces de pensar de manera innovadora y encontrar soluciones creativas son altamente valorados en un mundo empresarial que busca constantemente formas de destacar.<\/p>\n\n\n\n<p><strong>6. Adaptabilidad: Flexibilidad para Enfrentar Nuevos Desaf\u00edos<\/strong><\/p>\n\n\n\n<p>La adaptabilidad se ha convertido en una habilidad crucial. <\/p>\n\n\n\n<p>Los profesionales que pueden ajustarse r\u00e1pidamente a los cambios y abrazar nuevos desaf\u00edos son fundamentales para la resiliencia organizacional.<\/p>\n\n\n\n<p><strong>7. Comunicaci\u00f3n Virtual: Expres\u00e1ndote con Claridad en el Mundo Digital<\/strong><\/p>\n\n\n\n<p>En un entorno donde la comunicaci\u00f3n se realiza cada vez m\u00e1s de forma virtual, la capacidad para expresarse claramente en plataformas digitales se vuelve imprescindible. <\/p>\n\n\n\n<p>Desde correos electr\u00f3nicos hasta reuniones virtuales, la comunicaci\u00f3n efectiva es esencial.<\/p>\n\n\n\n<p><em>En resumen, para prosperar en el 2024 y m\u00e1s all\u00e1, es fundamental no solo poseer habilidades t\u00e9cnicas, sino tambi\u00e9n cultivar estas competencias interpersonales y de adaptabilidad. <\/em><\/p>\n\n\n\n<p><em>Al abrazar estas habilidades, te estar\u00e1s preparando para enfrentar los desaf\u00edos y oportunidades del futuro laboral con confianza y \u00e9xito.<\/em><\/p>\n","protected":false},"excerpt":{"rendered":"<p>Descubramos juntos las 7 competencias laborales m\u00e1s demandadas que te preparar\u00e1n para el futuro este 2024.<\/p>\n","protected":false},"author":3,"featured_media":280042,"comment_status":"open","ping_status":"closed","sticky":false,"template":"","format":"standard","meta":{"_et_pb_use_builder":"off","_et_pb_old_content":"","_et_gb_content_width":"","footnotes":""},"categories":[49],"tags":[50,40,32],"class_list":["post-280040","post","type-post","status-publish","format-standard","has-post-thumbnail","hentry","category-empresas","tag-competenciaslaborales","tag-empresas","tag-faceapp"],"yoast_head":"<!-- This site is optimized with the Yoast SEO Premium plugin v18.2.1 (Yoast SEO v24.3) - https:\/\/yoast.com\/wordpress\/plugins\/seo\/ -->\n<title>FaceApp International - 7 Competencias laborales m\u00e1s demandadas por las empresas este 2024<\/title>\n<meta name=\"description\" content=\"Descubramos juntos las 7 competencias laborales m\u00e1s demandadas que te preparar\u00e1n para el futuro este 2024.\" \/>\n<meta name=\"robots\" content=\"noindex, follow, max-snippet:-1, max-image-preview:large, max-video-preview:-1\" \/>\n<meta property=\"og:locale\" content=\"es_ES\" \/>\n<meta property=\"og:type\" content=\"article\" \/>\n<meta property=\"og:title\" content=\"7 Competencias laborales m\u00e1s demandadas por las empresas este 2024\" \/>\n<meta property=\"og:description\" content=\"Descubramos juntos las 7 competencias laborales m\u00e1s demandadas que te preparar\u00e1n para el futuro este 2024.\" \/>\n<meta property=\"og:url\" content=\"https:\/\/faceapp.com.mx\/index.php\/2024\/02\/05\/7-competencias-laborales-mas-demandadas-por-las-empresas-este-2024\/\" \/>\n<meta property=\"og:site_name\" content=\"FaceApp International\" \/>\n<meta property=\"article:publisher\" content=\"https:\/\/www.facebook.com\/FaceAppInternational\" \/>\n<meta property=\"article:published_time\" content=\"2024-02-05T07:04:00+00:00\" \/>\n<meta property=\"article:modified_time\" content=\"2024-02-05T19:50:47+00:00\" \/>\n<meta property=\"og:image\" content=\"https:\/\/faceapp.com.mx\/wp-content\/uploads\/2024\/01\/Competencias-laborales.jpeg\" \/>\n\t<meta property=\"og:image:width\" content=\"684\" \/>\n\t<meta property=\"og:image:height\" content=\"385\" \/>\n\t<meta property=\"og:image:type\" content=\"image\/jpeg\" \/>\n<meta name=\"author\" content=\"MarketingCorporativo\" \/>\n<meta name=\"twitter:card\" content=\"summary_large_image\" \/>\n<meta name=\"twitter:label1\" content=\"Escrito por\" \/>\n\t<meta name=\"twitter:data1\" content=\"MarketingCorporativo\" \/>\n\t<meta name=\"twitter:label2\" content=\"Tiempo de lectura\" \/>\n\t<meta name=\"twitter:data2\" content=\"2 minutos\" \/>\n<script type=\"application\/ld+json\" class=\"yoast-schema-graph\">{\"@context\":\"https:\/\/schema.org\",\"@graph\":[{\"@type\":\"Article\",\"@id\":\"https:\/\/faceapp.com.mx\/index.php\/2024\/02\/05\/7-competencias-laborales-mas-demandadas-por-las-empresas-este-2024\/#article\",\"isPartOf\":{\"@id\":\"https:\/\/faceapp.com.mx\/index.php\/2024\/02\/05\/7-competencias-laborales-mas-demandadas-por-las-empresas-este-2024\/\"},\"author\":{\"name\":\"MarketingCorporativo\",\"@id\":\"https:\/\/faceapp.com.mx\/#\/schema\/person\/7d67226b4caa0a02b11e5e8436eca16e\"},\"headline\":\"7 Competencias laborales m\u00e1s demandadas por las empresas este 2024\",\"datePublished\":\"2024-02-05T07:04:00+00:00\",\"dateModified\":\"2024-02-05T19:50:47+00:00\",\"mainEntityOfPage\":{\"@id\":\"https:\/\/faceapp.com.mx\/index.php\/2024\/02\/05\/7-competencias-laborales-mas-demandadas-por-las-empresas-este-2024\/\"},\"wordCount\":442,\"commentCount\":0,\"publisher\":{\"@id\":\"https:\/\/faceapp.com.mx\/#organization\"},\"image\":{\"@id\":\"https:\/\/faceapp.com.mx\/index.php\/2024\/02\/05\/7-competencias-laborales-mas-demandadas-por-las-empresas-este-2024\/#primaryimage\"},\"thumbnailUrl\":\"https:\/\/faceapp.com.mx\/wp-content\/uploads\/2024\/01\/Competencias-laborales.jpeg\",\"keywords\":[\"#CompetenciasLaborales\",\"#Empresas\",\"#FaceApp\"],\"articleSection\":[\"Empresas\"],\"inLanguage\":\"es\",\"potentialAction\":[{\"@type\":\"CommentAction\",\"name\":\"Comment\",\"target\":[\"https:\/\/faceapp.com.mx\/index.php\/2024\/02\/05\/7-competencias-laborales-mas-demandadas-por-las-empresas-este-2024\/#respond\"]}]},{\"@type\":\"WebPage\",\"@id\":\"https:\/\/faceapp.com.mx\/index.php\/2024\/02\/05\/7-competencias-laborales-mas-demandadas-por-las-empresas-este-2024\/\",\"url\":\"https:\/\/faceapp.com.mx\/index.php\/2024\/02\/05\/7-competencias-laborales-mas-demandadas-por-las-empresas-este-2024\/\",\"name\":\"FaceApp International - 7 Competencias laborales m\u00e1s demandadas por las empresas este 2024\",\"isPartOf\":{\"@id\":\"https:\/\/faceapp.com.mx\/#website\"},\"primaryImageOfPage\":{\"@id\":\"https:\/\/faceapp.com.mx\/index.php\/2024\/02\/05\/7-competencias-laborales-mas-demandadas-por-las-empresas-este-2024\/#primaryimage\"},\"image\":{\"@id\":\"https:\/\/faceapp.com.mx\/index.php\/2024\/02\/05\/7-competencias-laborales-mas-demandadas-por-las-empresas-este-2024\/#primaryimage\"},\"thumbnailUrl\":\"https:\/\/faceapp.com.mx\/wp-content\/uploads\/2024\/01\/Competencias-laborales.jpeg\",\"datePublished\":\"2024-02-05T07:04:00+00:00\",\"dateModified\":\"2024-02-05T19:50:47+00:00\",\"description\":\"Descubramos juntos las 7 competencias laborales m\u00e1s demandadas que te preparar\u00e1n para el futuro este 2024.\",\"breadcrumb\":{\"@id\":\"https:\/\/faceapp.com.mx\/index.php\/2024\/02\/05\/7-competencias-laborales-mas-demandadas-por-las-empresas-este-2024\/#breadcrumb\"},\"inLanguage\":\"es\",\"potentialAction\":[{\"@type\":\"ReadAction\",\"target\":[\"https:\/\/faceapp.com.mx\/index.php\/2024\/02\/05\/7-competencias-laborales-mas-demandadas-por-las-empresas-este-2024\/\"]}]},{\"@type\":\"ImageObject\",\"inLanguage\":\"es\",\"@id\":\"https:\/\/faceapp.com.mx\/index.php\/2024\/02\/05\/7-competencias-laborales-mas-demandadas-por-las-empresas-este-2024\/#primaryimage\",\"url\":\"https:\/\/faceapp.com.mx\/wp-content\/uploads\/2024\/01\/Competencias-laborales.jpeg\",\"contentUrl\":\"https:\/\/faceapp.com.mx\/wp-content\/uploads\/2024\/01\/Competencias-laborales.jpeg\",\"width\":684,\"height\":385},{\"@type\":\"BreadcrumbList\",\"@id\":\"https:\/\/faceapp.com.mx\/index.php\/2024\/02\/05\/7-competencias-laborales-mas-demandadas-por-las-empresas-este-2024\/#breadcrumb\",\"itemListElement\":[{\"@type\":\"ListItem\",\"position\":1,\"name\":\"Portada\",\"item\":\"https:\/\/faceapp.com.mx\/\"},{\"@type\":\"ListItem\",\"position\":2,\"name\":\"7 Competencias laborales m\u00e1s demandadas por las empresas este 2024\"}]},{\"@type\":\"WebSite\",\"@id\":\"https:\/\/faceapp.com.mx\/#website\",\"url\":\"https:\/\/faceapp.com.mx\/\",\"name\":\"FaceApp International\",\"description\":\"FaceApp Internantional\",\"publisher\":{\"@id\":\"https:\/\/faceapp.com.mx\/#organization\"},\"potentialAction\":[{\"@type\":\"SearchAction\",\"target\":{\"@type\":\"EntryPoint\",\"urlTemplate\":\"https:\/\/faceapp.com.mx\/?s={search_term_string}\"},\"query-input\":{\"@type\":\"PropertyValueSpecification\",\"valueRequired\":true,\"valueName\":\"search_term_string\"}}],\"inLanguage\":\"es\"},{\"@type\":\"Organization\",\"@id\":\"https:\/\/faceapp.com.mx\/#organization\",\"name\":\"FaceApp International\",\"url\":\"https:\/\/faceapp.com.mx\/\",\"logo\":{\"@type\":\"ImageObject\",\"inLanguage\":\"es\",\"@id\":\"https:\/\/faceapp.com.mx\/#\/schema\/logo\/image\/\",\"url\":\"https:\/\/faceapp.com.mx\/wp-content\/uploads\/2023\/01\/Logo_FaceApp_negro.png\",\"contentUrl\":\"https:\/\/faceapp.com.mx\/wp-content\/uploads\/2023\/01\/Logo_FaceApp_negro.png\",\"width\":500,\"height\":200,\"caption\":\"FaceApp International\"},\"image\":{\"@id\":\"https:\/\/faceapp.com.mx\/#\/schema\/logo\/image\/\"},\"sameAs\":[\"https:\/\/www.facebook.com\/FaceAppInternational\"]},{\"@type\":\"Person\",\"@id\":\"https:\/\/faceapp.com.mx\/#\/schema\/person\/7d67226b4caa0a02b11e5e8436eca16e\",\"name\":\"MarketingCorporativo\",\"image\":{\"@type\":\"ImageObject\",\"inLanguage\":\"es\",\"@id\":\"https:\/\/faceapp.com.mx\/#\/schema\/person\/image\/\",\"url\":\"https:\/\/secure.gravatar.com\/avatar\/90900d61b1f2103212b7e5913558417c?s=96&d=mm&r=g\",\"contentUrl\":\"https:\/\/secure.gravatar.com\/avatar\/90900d61b1f2103212b7e5913558417c?s=96&d=mm&r=g\",\"caption\":\"MarketingCorporativo\"},\"url\":\"https:\/\/faceapp.com.mx\/index.php\/author\/marketingcorporativo\/\"}]}<\/script>\n<!-- \/ Yoast SEO Premium plugin. -->","yoast_head_json":{"title":"FaceApp International - 7 Competencias laborales m\u00e1s demandadas por las empresas este 2024","description":"Descubramos juntos las 7 competencias laborales m\u00e1s demandadas que te preparar\u00e1n para el futuro este 2024.","robots":{"index":"noindex","follow":"follow","max-snippet":"max-snippet:-1","max-image-preview":"max-image-preview:large","max-video-preview":"max-video-preview:-1"},"og_locale":"es_ES","og_type":"article","og_title":"7 Competencias laborales m\u00e1s demandadas por las empresas este 2024","og_description":"Descubramos juntos las 7 competencias laborales m\u00e1s demandadas que te preparar\u00e1n para el futuro este 2024.","og_url":"https:\/\/faceapp.com.mx\/index.php\/2024\/02\/05\/7-competencias-laborales-mas-demandadas-por-las-empresas-este-2024\/","og_site_name":"FaceApp International","article_publisher":"https:\/\/www.facebook.com\/FaceAppInternational","article_published_time":"2024-02-05T07:04:00+00:00","article_modified_time":"2024-02-05T19:50:47+00:00","og_image":[{"width":684,"height":385,"url":"https:\/\/faceapp.com.mx\/wp-content\/uploads\/2024\/01\/Competencias-laborales.jpeg","type":"image\/jpeg"}],"author":"MarketingCorporativo","twitter_card":"summary_large_image","twitter_misc":{"Escrito por":"MarketingCorporativo","Tiempo de lectura":"2 minutos"},"schema":{"@context":"https:\/\/schema.org","@graph":[{"@type":"Article","@id":"https:\/\/faceapp.com.mx\/index.php\/2024\/02\/05\/7-competencias-laborales-mas-demandadas-por-las-empresas-este-2024\/#article","isPartOf":{"@id":"https:\/\/faceapp.com.mx\/index.php\/2024\/02\/05\/7-competencias-laborales-mas-demandadas-por-las-empresas-este-2024\/"},"author":{"name":"MarketingCorporativo","@id":"https:\/\/faceapp.com.mx\/#\/schema\/person\/7d67226b4caa0a02b11e5e8436eca16e"},"headline":"7 Competencias laborales m\u00e1s demandadas por las empresas este 2024","datePublished":"2024-02-05T07:04:00+00:00","dateModified":"2024-02-05T19:50:47+00:00","mainEntityOfPage":{"@id":"https:\/\/faceapp.com.mx\/index.php\/2024\/02\/05\/7-competencias-laborales-mas-demandadas-por-las-empresas-este-2024\/"},"wordCount":442,"commentCount":0,"publisher":{"@id":"https:\/\/faceapp.com.mx\/#organization"},"image":{"@id":"https:\/\/faceapp.com.mx\/index.php\/2024\/02\/05\/7-competencias-laborales-mas-demandadas-por-las-empresas-este-2024\/#primaryimage"},"thumbnailUrl":"https:\/\/faceapp.com.mx\/wp-content\/uploads\/2024\/01\/Competencias-laborales.jpeg","keywords":["#CompetenciasLaborales","#Empresas","#FaceApp"],"articleSection":["Empresas"],"inLanguage":"es","potentialAction":[{"@type":"CommentAction","name":"Comment","target":["https:\/\/faceapp.com.mx\/index.php\/2024\/02\/05\/7-competencias-laborales-mas-demandadas-por-las-empresas-este-2024\/#respond"]}]},{"@type":"WebPage","@id":"https:\/\/faceapp.com.mx\/index.php\/2024\/02\/05\/7-competencias-laborales-mas-demandadas-por-las-empresas-este-2024\/","url":"https:\/\/faceapp.com.mx\/index.php\/2024\/02\/05\/7-competencias-laborales-mas-demandadas-por-las-empresas-este-2024\/","name":"FaceApp International - 7 Competencias laborales m\u00e1s demandadas por las empresas este 2024","isPartOf":{"@id":"https:\/\/faceapp.com.mx\/#website"},"primaryImageOfPage":{"@id":"https:\/\/faceapp.com.mx\/index.php\/2024\/02\/05\/7-competencias-laborales-mas-demandadas-por-las-empresas-este-2024\/#primaryimage"},"image":{"@id":"https:\/\/faceapp.com.mx\/index.php\/2024\/02\/05\/7-competencias-laborales-mas-demandadas-por-las-empresas-este-2024\/#primaryimage"},"thumbnailUrl":"https:\/\/faceapp.com.mx\/wp-content\/uploads\/2024\/01\/Competencias-laborales.jpeg","datePublished":"2024-02-05T07:04:00+00:00","dateModified":"2024-02-05T19:50:47+00:00","description":"Descubramos juntos las 7 competencias laborales m\u00e1s demandadas que te preparar\u00e1n para el futuro este 2024.","breadcrumb":{"@id":"https:\/\/faceapp.com.mx\/index.php\/2024\/02\/05\/7-competencias-laborales-mas-demandadas-por-las-empresas-este-2024\/#breadcrumb"},"inLanguage":"es","potentialAction":[{"@type":"ReadAction","target":["https:\/\/faceapp.com.mx\/index.php\/2024\/02\/05\/7-competencias-laborales-mas-demandadas-por-las-empresas-este-2024\/"]}]},{"@type":"ImageObject","inLanguage":"es","@id":"https:\/\/faceapp.com.mx\/index.php\/2024\/02\/05\/7-competencias-laborales-mas-demandadas-por-las-empresas-este-2024\/#primaryimage","url":"https:\/\/faceapp.com.mx\/wp-content\/uploads\/2024\/01\/Competencias-laborales.jpeg","contentUrl":"https:\/\/faceapp.com.mx\/wp-content\/uploads\/2024\/01\/Competencias-laborales.jpeg","width":684,"height":385},{"@type":"BreadcrumbList","@id":"https:\/\/faceapp.com.mx\/index.php\/2024\/02\/05\/7-competencias-laborales-mas-demandadas-por-las-empresas-este-2024\/#breadcrumb","itemListElement":[{"@type":"ListItem","position":1,"name":"Portada","item":"https:\/\/faceapp.com.mx\/"},{"@type":"ListItem","position":2,"name":"7 Competencias laborales m\u00e1s demandadas por las empresas este 2024"}]},{"@type":"WebSite","@id":"https:\/\/faceapp.com.mx\/#website","url":"https:\/\/faceapp.com.mx\/","name":"FaceApp International","description":"FaceApp Internantional","publisher":{"@id":"https:\/\/faceapp.com.mx\/#organization"},"potentialAction":[{"@type":"SearchAction","target":{"@type":"EntryPoint","urlTemplate":"https:\/\/faceapp.com.mx\/?s={search_term_string}"},"query-input":{"@type":"PropertyValueSpecification","valueRequired":true,"valueName":"search_term_string"}}],"inLanguage":"es"},{"@type":"Organization","@id":"https:\/\/faceapp.com.mx\/#organization","name":"FaceApp International","url":"https:\/\/faceapp.com.mx\/","logo":{"@type":"ImageObject","inLanguage":"es","@id":"https:\/\/faceapp.com.mx\/#\/schema\/logo\/image\/","url":"https:\/\/faceapp.com.mx\/wp-content\/uploads\/2023\/01\/Logo_FaceApp_negro.png","contentUrl":"https:\/\/faceapp.com.mx\/wp-content\/uploads\/2023\/01\/Logo_FaceApp_negro.png","width":500,"height":200,"caption":"FaceApp International"},"image":{"@id":"https:\/\/faceapp.com.mx\/#\/schema\/logo\/image\/"},"sameAs":["https:\/\/www.facebook.com\/FaceAppInternational"]},{"@type":"Person","@id":"https:\/\/faceapp.com.mx\/#\/schema\/person\/7d67226b4caa0a02b11e5e8436eca16e","name":"MarketingCorporativo","image":{"@type":"ImageObject","inLanguage":"es","@id":"https:\/\/faceapp.com.mx\/#\/schema\/person\/image\/","url":"https:\/\/secure.gravatar.com\/avatar\/90900d61b1f2103212b7e5913558417c?s=96&d=mm&r=g","contentUrl":"https:\/\/secure.gravatar.com\/avatar\/90900d61b1f2103212b7e5913558417c?s=96&d=mm&r=g","caption":"MarketingCorporativo"},"url":"https:\/\/faceapp.com.mx\/index.php\/author\/marketingcorporativo\/"}]}},"_links":{"self":[{"href":"https:\/\/faceapp.com.mx\/index.php\/wp-json\/wp\/v2\/posts\/280040"}],"collection":[{"href":"https:\/\/faceapp.com.mx\/index.php\/wp-json\/wp\/v2\/posts"}],"about":[{"href":"https:\/\/faceapp.com.mx\/index.php\/wp-json\/wp\/v2\/types\/post"}],"author":[{"embeddable":true,"href":"https:\/\/faceapp.com.mx\/index.php\/wp-json\/wp\/v2\/users\/3"}],"replies":[{"embeddable":true,"href":"https:\/\/faceapp.com.mx\/index.php\/wp-json\/wp\/v2\/comments?post=280040"}],"version-history":[{"count":0,"href":"https:\/\/faceapp.com.mx\/index.php\/wp-json\/wp\/v2\/posts\/280040\/revisions"}],"wp:featuredmedia":[{"embeddable":true,"href":"https:\/\/faceapp.com.mx\/index.php\/wp-json\/wp\/v2\/media\/280042"}],"wp:attachment":[{"href":"https:\/\/faceapp.com.mx\/index.php\/wp-json\/wp\/v2\/media?parent=280040"}],"wp:term":[{"taxonomy":"category","embeddable":true,"href":"https:\/\/faceapp.com.mx\/index.php\/wp-json\/wp\/v2\/categories?post=280040"},{"taxonomy":"post_tag","embeddable":true,"href":"https:\/\/faceapp.com.mx\/index.php\/wp-json\/wp\/v2\/tags?post=280040"}],"curies":[{"name":"wp","href":"https:\/\/api.w.org\/{rel}","templated":true}]}}